{"id":23126,"date":"2026-02-28T10:43:49","date_gmt":"2026-02-28T13:43:49","guid":{"rendered":"https:\/\/jeugdjournaal.sr\/?p=23126"},"modified":"2026-02-28T10:44:29","modified_gmt":"2026-02-28T13:44:29","slug":"vs-en-israel-vallen-iran-aan-iran-slaat-terug-video","status":"publish","type":"post","link":"https:\/\/jeugdjournaal.sr\/nl\/vs-en-israel-vallen-iran-aan-iran-slaat-terug-video\/","title":{"rendered":"VS en Isra\u00ebl vallen Iran aan \u2013 Iran slaat terug (video)"},"content":{"rendered":"<p class=\"has-drop-cap\"><strong>De Verenigde Staten en Isra\u00ebl hebben zaterdag militaire aanvallen uitgevoerd op doelen in Iran. Kort daarna reageerde Iran met raket- en droneaanvallen op Isra\u00ebl. Daardoor is de spanning in het Midden-Oosten sterk toegenomen en maken veel landen zich zorgen over verdere escalatie.<\/strong><\/p>\n\n\n\n<blockquote class=\"wp-block-quote is-layout-flow wp-block-quote-is-layout-flow\">\n<p> In Isra\u00ebl moesten mensen schuilen<\/p>\n<\/blockquote>\n\n\n\n<p class=\"has-medium-font-size\"><strong>Raketten onderschept<\/strong><\/p>\n\n\n\n<p>De aanvallen waren gericht op militaire bases en plekken die te maken hebben met het nucleaire programma van Iran. Volgens de VS en Isra\u00ebl willen ze voorkomen dat Iran kernwapens ontwikkelt. In Isra\u00ebl gingen sirenes af en moesten mensen schuilen. Het Isra\u00eblische leger zegt dat veel raketten zijn onderschept. Iran vuurde ook raketten en drones af richting Amerikaanse doelen en militaire bases in andere landen in de regio.<\/p>\n\n\n\n<p class=\"has-medium-font-size\"><strong>Grote gevolgen<\/strong><\/p>\n\n\n\n<p>De Verenigde Naties en de Europese Unie roepen op tot kalmte en overleg. Ze waarschuwen dat verder geweld grote gevolgen kan hebben voor de hele regio en de wereld. Rusland en China veroordeelden de aanvallen en noemen ze gevaarlijk. Wereldwijd hopen landen dat er snel weer wordt gepraat. Zo willen ze voorkomen dat het conflict verder uit de hand loopt.<\/p>\n\n\n\n<figure class=\"wp-block-embed is-type-video is-provider-youtube wp-block-embed-youtube wp-embed-aspect-16-9 wp-has-aspect-ratio\"><div class=\"wp-block-embed__wrapper\">\n<iframe title=\"\ud83d\udd34 Dit weten we nu over aanvallen op Iran | RTL Nieuws | RTL Nieuws\" width=\"1290\" height=\"726\" data-trx-lazyload-src=\"https:\/\/www.youtube.com\/embed\/VlTMinKDy4M?feature=oembed\" frameborder=\"0\" allow=\"accelerometer; autoplay; clipboard-write; encrypted-media; gyroscope; picture-in-picture; web-share\" referrerpolicy=\"strict-origin-when-cross-origin\" allowfullscreen><\/iframe>\n<\/div><\/figure>\n\n\n\n<figure class=\"wp-block-embed is-type-video is-provider-youtube wp-block-embed-youtube wp-embed-aspect-16-9 wp-has-aspect-ratio\"><div class=\"wp-block-embed__wrapper\">\n<iframe title=\"Israel-US Strike On Iran: 24 Girl Students Killed In School Attack | WION\" width=\"1290\" height=\"726\" data-trx-lazyload-src=\"https:\/\/www.youtube.com\/embed\/NWWesgAAAAM?feature=oembed\" frameborder=\"0\" allow=\"accelerometer; autoplay; clipboard-write; encrypted-media; gyroscope; picture-in-picture; web-share\" referrerpolicy=\"strict-origin-when-cross-origin\" allowfullscreen><\/iframe>\n<\/div><\/figure>","protected":false},"excerpt":{"rendered":"<p>De Verenigde Staten en Isra\u00ebl hebben zaterdag militaire aanvallen uitgevoerd op doelen in Iran. Kort daarna reageerde Iran met raket- en droneaanvallen op Isra\u00ebl. Daardoor is de spanning in het Midden-Oosten sterk toegenomen en maken veel landen zich zorgen over verdere escalatie. In Isra\u00ebl moesten mensen schuilen Raketten onderschept De aanvallen waren gericht op militaire&hellip;<\/p>","protected":false},"author":9,"featured_media":23127,"comment_status":"closed","ping_status":"closed","sticky":false,"template":"","format":"standard","meta":{"limit_modified_date":"","last_modified_date":"","footnotes":""},"categories":[288],"tags":[1878,1316,1921,1267,352,977,494],"class_list":["post-23126","post","type-post","status-publish","format-standard","has-post-thumbnail","hentry","category-artikelen-nl","tag-agressie","tag-bombardementen","tag-iran","tag-israel","tag-midden-oosten","tag-oorlog","tag-vs"],"_links":{"self":[{"href":"https:\/\/jeugdjournaal.sr\/nl\/wp-json\/wp\/v2\/posts\/23126","targetHints":{"allow":["GET"]}}],"collection":[{"href":"https:\/\/jeugdjournaal.sr\/nl\/wp-json\/wp\/v2\/posts"}],"about":[{"href":"https:\/\/jeugdjournaal.sr\/nl\/wp-json\/wp\/v2\/types\/post"}],"author":[{"embeddable":true,"href":"https:\/\/jeugdjournaal.sr\/nl\/wp-json\/wp\/v2\/users\/9"}],"replies":[{"embeddable":true,"href":"https:\/\/jeugdjournaal.sr\/nl\/wp-json\/wp\/v2\/comments?post=23126"}],"version-history":[{"count":2,"href":"https:\/\/jeugdjournaal.sr\/nl\/wp-json\/wp\/v2\/posts\/23126\/revisions"}],"predecessor-version":[{"id":23129,"href":"https:\/\/jeugdjournaal.sr\/nl\/wp-json\/wp\/v2\/posts\/23126\/revisions\/23129"}],"wp:featuredmedia":[{"embeddable":true,"href":"https:\/\/jeugdjournaal.sr\/nl\/wp-json\/wp\/v2\/media\/23127"}],"wp:attachment":[{"href":"https:\/\/jeugdjournaal.sr\/nl\/wp-json\/wp\/v2\/media?parent=23126"}],"wp:term":[{"taxonomy":"category","embeddable":true,"href":"https:\/\/jeugdjournaal.sr\/nl\/wp-json\/wp\/v2\/categories?post=23126"},{"taxonomy":"post_tag","embeddable":true,"href":"https:\/\/jeugdjournaal.sr\/nl\/wp-json\/wp\/v2\/tags?post=23126"}],"curies":[{"name":"wp","href":"https:\/\/api.w.org\/{rel}","templated":true}]}}