{"id":21603,"date":"2025-11-06T12:09:10","date_gmt":"2025-11-06T15:09:10","guid":{"rendered":"https:\/\/jeugdjournaal.sr\/?p=21603"},"modified":"2026-01-28T14:36:24","modified_gmt":"2026-01-28T17:36:24","slug":"suriname-en-brazilie-bundelen-krachten-voor-het-amazonewoud","status":"publish","type":"post","link":"https:\/\/jeugdjournaal.sr\/nl\/suriname-en-brazilie-bundelen-krachten-voor-het-amazonewoud\/","title":{"rendered":"Suriname en Brazili\u00eb bundelen krachten voor het Amazonewoud"},"content":{"rendered":"<p class=\"has-drop-cap\"><strong>Suriname en Brazili\u00eb gaan nauwer samenwerken om het Amazonegebied en de natuur beter te beschermen. President Jennifer Simons sprak daarover met de Braziliaanse president Lula tijdens COP30, een grote klimaattop in Bel\u00e9m. De landen willen dat deze samenwerking v\u00f3\u00f3r februari 2026 officieel wordt vastgelegd.<\/strong><\/p>\n\n\n\n<blockquote class=\"wp-block-quote is-layout-flow wp-block-quote-is-layout-flow\">\n<p>Het sluit goed aan bij doelen Suriname<\/p>\n<\/blockquote>\n\n\n\n<p class=\"has-medium-font-size\"><strong>Nieuw klimaatplan<\/strong><\/p>\n\n\n\n<p>Nog v\u00f3\u00f3r het eind van dit jaar komen de ministers van Buitenlandse Zaken van beide landen bij elkaar om de plannen verder uit te werken. Suriname steunde tijdens de top ook een nieuw klimaatplan van Brazili\u00eb, dat zich richt op het beschermen van regenwoud en biodiversiteit. Dat sluit goed aan bij de doelen van Suriname zelf.<\/p>\n\n\n\n<p class=\"has-medium-font-size\"><strong>Meer kansen<\/strong><\/p>\n\n\n\n<p>Daarnaast willen beide landen samenwerken in landbouw, toerisme, infrastructuur en onderwijs. Er komen bijvoorbeeld meer kansen voor Surinaamse studenten om in Brazili\u00eb te studeren. Zo kan de samenwerking zorgen voor nieuwe kansen voor jongeren, bedrijven en dorpen in beide landen.<\/p>","protected":false},"excerpt":{"rendered":"<p>Suriname en Brazili\u00eb gaan nauwer samenwerken om het Amazonegebied en de natuur beter te beschermen. President Jennifer Simons sprak daarover met de Braziliaanse president Lula tijdens COP30, een grote klimaattop in Bel\u00e9m. De landen willen dat deze samenwerking v\u00f3\u00f3r februari 2026 officieel wordt vastgelegd. Het sluit goed aan bij doelen Suriname Nieuw klimaatplan Nog v\u00f3\u00f3r&hellip;<\/p>","protected":false},"author":9,"featured_media":21604,"comment_status":"closed","ping_status":"open","sticky":false,"template":"","format":"standard","meta":{"limit_modified_date":"","last_modified_date":"","footnotes":""},"categories":[226],"tags":[2320,3312,435,3196,3195,737,686,2740,2838,627,2251,1220,440],"class_list":["post-21603","post","type-post","status-publish","format-standard","has-post-thumbnail","hentry","category-articles","tag-amazone","tag-belem","tag-brazilie","tag-cop30","tag-klimaattop","tag-landbouw","tag-latijns-amerika","tag-lula-da-silva","tag-natuurbescherming","tag-onderwijs","tag-president-simons","tag-samenwerking","tag-toerisme"],"_links":{"self":[{"href":"https:\/\/jeugdjournaal.sr\/nl\/wp-json\/wp\/v2\/posts\/21603","targetHints":{"allow":["GET"]}}],"collection":[{"href":"https:\/\/jeugdjournaal.sr\/nl\/wp-json\/wp\/v2\/posts"}],"about":[{"href":"https:\/\/jeugdjournaal.sr\/nl\/wp-json\/wp\/v2\/types\/post"}],"author":[{"embeddable":true,"href":"https:\/\/jeugdjournaal.sr\/nl\/wp-json\/wp\/v2\/users\/9"}],"replies":[{"embeddable":true,"href":"https:\/\/jeugdjournaal.sr\/nl\/wp-json\/wp\/v2\/comments?post=21603"}],"version-history":[{"count":2,"href":"https:\/\/jeugdjournaal.sr\/nl\/wp-json\/wp\/v2\/posts\/21603\/revisions"}],"predecessor-version":[{"id":21606,"href":"https:\/\/jeugdjournaal.sr\/nl\/wp-json\/wp\/v2\/posts\/21603\/revisions\/21606"}],"wp:featuredmedia":[{"embeddable":true,"href":"https:\/\/jeugdjournaal.sr\/nl\/wp-json\/wp\/v2\/media\/21604"}],"wp:attachment":[{"href":"https:\/\/jeugdjournaal.sr\/nl\/wp-json\/wp\/v2\/media?parent=21603"}],"wp:term":[{"taxonomy":"category","embeddable":true,"href":"https:\/\/jeugdjournaal.sr\/nl\/wp-json\/wp\/v2\/categories?post=21603"},{"taxonomy":"post_tag","embeddable":true,"href":"https:\/\/jeugdjournaal.sr\/nl\/wp-json\/wp\/v2\/tags?post=21603"}],"curies":[{"name":"wp","href":"https:\/\/api.w.org\/{rel}","templated":true}]}}