{"id":21158,"date":"2025-10-12T09:56:34","date_gmt":"2025-10-12T12:56:34","guid":{"rendered":"https:\/\/jeugdjournaal.sr\/?p=21158"},"modified":"2026-01-28T14:36:25","modified_gmt":"2026-01-28T17:36:25","slug":"belangrijke-top-in-egypte-over-vrede-in-gaza","status":"publish","type":"post","link":"https:\/\/jeugdjournaal.sr\/nl\/belangrijke-top-in-egypte-over-vrede-in-gaza\/","title":{"rendered":"Belangrijke top in Egypte over vrede in Gaza"},"content":{"rendered":"<p class=\"has-drop-cap\"><strong>In Egypte begint maandag een grote vergadering over vrede in Gaza. President al-Sissi van Egypte en de Amerikaanse president Donald Trump leiden de bijeenkomst. Meer dan twintig landen doen mee. Het doel is om de oorlog te stoppen en te zorgen voor rust, veiligheid en wederopbouw in de regio.<\/strong><\/p>\n\n\n\n<blockquote class=\"wp-block-quote is-layout-flow wp-block-quote-is-layout-flow\">\n<p>Meer hulp Gaza en herstellen huizen en scholen<\/p>\n<\/blockquote>\n\n\n\n<p class=\"has-medium-font-size\"><strong>Normaal leven<\/strong><\/p>\n\n\n\n<p>De top is in de badplaats Sharm-el-Sheikh, waar eerder ook werd gesproken over een staakt-het-vuren tussen Isra\u00ebl en Hamas. Nu gaat het over meer hulp voor de inwoners van Gaza en het herstellen van huizen en scholen. Ook wordt besproken hoe nieuw geweld kan worden voorkomen. Zo hopen de leiders dat mensen daar weer een normaal leven kunnen opbouwen.<\/p>\n\n\n\n<p class=\"has-medium-font-size\"><strong>Nieuw begin<\/strong><\/p>\n\n\n\n<p>Onder de deelnemers zijn wereldleiders als Emmanuel Macron van Frankrijk, de Britse premier Keir Starmer en VN-baas Ant\u00f3nio Guterres. Ook landen als Duitsland, Itali\u00eb, Qatar, Turkije en Indonesi\u00eb sturen vertegenwoordigers. De hoop is dat deze top een nieuw begin markeert voor vrede in Gaza en samenwerking tussen landen in het Midden-Oosten.<\/p>","protected":false},"excerpt":{"rendered":"<p>In Egypte begint maandag een grote vergadering over vrede in Gaza. President al-Sissi van Egypte en de Amerikaanse president Donald Trump leiden de bijeenkomst. Meer dan twintig landen doen mee. Het doel is om de oorlog te stoppen en te zorgen voor rust, veiligheid en wederopbouw in de regio. Meer hulp Gaza en herstellen huizen&hellip;<\/p>","protected":false},"author":9,"featured_media":21159,"comment_status":"closed","ping_status":"open","sticky":false,"template":"","format":"standard","meta":{"limit_modified_date":"","last_modified_date":"","footnotes":""},"categories":[226],"tags":[3068,3067,385,792,1342,3066,1057,408,1267,755,1390,352,2720,3065,1330,688,3034,2957],"class_list":["post-21158","post","type-post","status-publish","format-standard","has-post-thumbnail","hentry","category-articles","tag-abdel-fatah-al-sisi","tag-antonio-guterres","tag-donald-trump","tag-duitsland","tag-egypte","tag-emmanuel-macron","tag-gaza","tag-indonesie","tag-israel","tag-italie","tag-keir-starmer","tag-midden-oosten","tag-qatar","tag-sharm-el-sheikh","tag-turkije","tag-vn","tag-vredesakkoord","tag-vredesplan"],"_links":{"self":[{"href":"https:\/\/jeugdjournaal.sr\/nl\/wp-json\/wp\/v2\/posts\/21158","targetHints":{"allow":["GET"]}}],"collection":[{"href":"https:\/\/jeugdjournaal.sr\/nl\/wp-json\/wp\/v2\/posts"}],"about":[{"href":"https:\/\/jeugdjournaal.sr\/nl\/wp-json\/wp\/v2\/types\/post"}],"author":[{"embeddable":true,"href":"https:\/\/jeugdjournaal.sr\/nl\/wp-json\/wp\/v2\/users\/9"}],"replies":[{"embeddable":true,"href":"https:\/\/jeugdjournaal.sr\/nl\/wp-json\/wp\/v2\/comments?post=21158"}],"version-history":[{"count":3,"href":"https:\/\/jeugdjournaal.sr\/nl\/wp-json\/wp\/v2\/posts\/21158\/revisions"}],"predecessor-version":[{"id":21162,"href":"https:\/\/jeugdjournaal.sr\/nl\/wp-json\/wp\/v2\/posts\/21158\/revisions\/21162"}],"wp:featuredmedia":[{"embeddable":true,"href":"https:\/\/jeugdjournaal.sr\/nl\/wp-json\/wp\/v2\/media\/21159"}],"wp:attachment":[{"href":"https:\/\/jeugdjournaal.sr\/nl\/wp-json\/wp\/v2\/media?parent=21158"}],"wp:term":[{"taxonomy":"category","embeddable":true,"href":"https:\/\/jeugdjournaal.sr\/nl\/wp-json\/wp\/v2\/categories?post=21158"},{"taxonomy":"post_tag","embeddable":true,"href":"https:\/\/jeugdjournaal.sr\/nl\/wp-json\/wp\/v2\/tags?post=21158"}],"curies":[{"name":"wp","href":"https:\/\/api.w.org\/{rel}","templated":true}]}}