{"id":20704,"date":"2025-09-21T13:25:22","date_gmt":"2025-09-21T16:25:22","guid":{"rendered":"https:\/\/jeugdjournaal.sr\/?p=20704"},"modified":"2026-01-28T14:36:26","modified_gmt":"2026-01-28T17:36:26","slug":"vk-australie-en-canada-erkennen-palestijnse-staat","status":"publish","type":"post","link":"https:\/\/jeugdjournaal.sr\/nl\/vk-australie-en-canada-erkennen-palestijnse-staat\/","title":{"rendered":"VK, Australi\u00eb en Canada erkennen Palestijnse staat"},"content":{"rendered":"<p class=\"has-drop-cap\"><strong>Het Verenigd Koninkrijk (VK), Australi\u00eb en Canada erkennen de Palestijnse staat. Dat maakten de premiers van de drie landen zondag bekend op <em>X<\/em>. De Britse premier Keir Starmer zei dat het VK dit besluit neemt omdat Isra\u00ebl de strijd in Gaza nog niet heeft gestaakt.<\/strong><\/p>\n\n\n\n<blockquote class=\"wp-block-quote is-layout-flow wp-block-quote-is-layout-flow\">\n<p>Isra\u00ebl: &#8216;Er komt g\u00e9\u00e9n Palestijnse staat&#8217;<\/p>\n<\/blockquote>\n\n\n\n<p class=\"has-medium-font-size\"><strong>Duurzaam vredesakkoord<\/strong><\/p>\n\n\n\n<p>Maar de Isra\u00eblische premier Benjamin Netanyahu heeft als reactie opnieuw benadrukt: &#8220;Er zal g\u00e9\u00e9n Palestijnse staat worden gesticht ten westen van de Jordaan.\u201d Het VK bestaat uit Engeland, Schotland, Wales en Noord-Ierland. Zij vormen samen \u00e9\u00e9n staat met een regering in Londen. Eerder stelde premier Starmer dat er eerst een staakt-het-vuren moet komen en gewerkt moet worden aan een duurzaam vredesakkoord.<\/p>\n\n\n\n<p class=\"has-medium-font-size\"><strong>Meedere landen<\/strong><\/p>\n\n\n\n<p>De Canadese en Australische premiers Mark Carney en Anthony Albanese maakten het nieuws ongeveer tegelijk met Starmer bekend. Volgende week begint de Algemene Vergadering van de VN. Meerdere landen hebben gezegd rond die top de Palestijnse staat te willen erkennen. Het VK, Australi\u00eb en Canada zijn de eersten die dat nu doen.<\/p>","protected":false},"excerpt":{"rendered":"<p>Het Verenigd Koninkrijk (VK), Australi\u00eb en Canada erkennen de Palestijnse staat. Dat maakten de premiers van de drie landen zondag bekend op X. De Britse premier Keir Starmer zei dat het VK dit besluit neemt omdat Isra\u00ebl de strijd in Gaza nog niet heeft gestaakt. Isra\u00ebl: &#8216;Er komt g\u00e9\u00e9n Palestijnse staat&#8217; Duurzaam vredesakkoord Maar de&hellip;<\/p>","protected":false},"author":9,"featured_media":20705,"comment_status":"closed","ping_status":"open","sticky":false,"template":"","format":"standard","meta":{"limit_modified_date":"","last_modified_date":"","footnotes":""},"categories":[226],"tags":[365,2829,892,1268,849,1147,2827,794,1057,1267,2832,1390,1915,2828,352,1404,2834,2336,977,2743,2830,2265,2266,688,2823,2833,2831],"class_list":["post-20704","post","type-post","status-publish","format-standard","has-post-thumbnail","hentry","category-articles","tag-amerikas","tag-anthony-albanese","tag-australie","tag-benjamin-netanyahu","tag-canada","tag-engeland","tag-erkenning","tag-europa","tag-gaza","tag-israel","tag-jordaan","tag-keir-starmer","tag-londen","tag-mark-carney","tag-midden-oosten","tag-noord-amerika","tag-noord-ierland","tag-oceanie","tag-oorlog","tag-schotland","tag-staakt-het-vuren","tag-verenigd-koninkrijk","tag-vk","tag-vn","tag-vn-top","tag-wales","tag-westelijke-jordaanoever"],"_links":{"self":[{"href":"https:\/\/jeugdjournaal.sr\/nl\/wp-json\/wp\/v2\/posts\/20704","targetHints":{"allow":["GET"]}}],"collection":[{"href":"https:\/\/jeugdjournaal.sr\/nl\/wp-json\/wp\/v2\/posts"}],"about":[{"href":"https:\/\/jeugdjournaal.sr\/nl\/wp-json\/wp\/v2\/types\/post"}],"author":[{"embeddable":true,"href":"https:\/\/jeugdjournaal.sr\/nl\/wp-json\/wp\/v2\/users\/9"}],"replies":[{"embeddable":true,"href":"https:\/\/jeugdjournaal.sr\/nl\/wp-json\/wp\/v2\/comments?post=20704"}],"version-history":[{"count":18,"href":"https:\/\/jeugdjournaal.sr\/nl\/wp-json\/wp\/v2\/posts\/20704\/revisions"}],"predecessor-version":[{"id":20732,"href":"https:\/\/jeugdjournaal.sr\/nl\/wp-json\/wp\/v2\/posts\/20704\/revisions\/20732"}],"wp:featuredmedia":[{"embeddable":true,"href":"https:\/\/jeugdjournaal.sr\/nl\/wp-json\/wp\/v2\/media\/20705"}],"wp:attachment":[{"href":"https:\/\/jeugdjournaal.sr\/nl\/wp-json\/wp\/v2\/media?parent=20704"}],"wp:term":[{"taxonomy":"category","embeddable":true,"href":"https:\/\/jeugdjournaal.sr\/nl\/wp-json\/wp\/v2\/categories?post=20704"},{"taxonomy":"post_tag","embeddable":true,"href":"https:\/\/jeugdjournaal.sr\/nl\/wp-json\/wp\/v2\/tags?post=20704"}],"curies":[{"name":"wp","href":"https:\/\/api.w.org\/{rel}","templated":true}]}}