{"id":20681,"date":"2025-09-20T19:05:00","date_gmt":"2025-09-20T22:05:00","guid":{"rendered":"https:\/\/jeugdjournaal.sr\/?p=20681"},"modified":"2026-01-28T14:36:26","modified_gmt":"2026-01-28T17:36:26","slug":"nationaal-leger-versterkt-met-nieuwe-soldaten","status":"publish","type":"post","link":"https:\/\/jeugdjournaal.sr\/nl\/nationaal-leger-versterkt-met-nieuwe-soldaten\/","title":{"rendered":"Nationaal Leger versterkt met nieuwe soldaten"},"content":{"rendered":"<p class=\"has-drop-cap\"><strong>Het Nationaal Leger heeft er 39 militairen bij. Zij sloten hun Elementaire Algemene Opleiding af in de Ayoko Kazerne. Kolonel Justus Hew A Kee noemde de nieuwe soldaten het fundament van de defensieorganisatie. \u201cDat wil zeggen dat er op jullie wordt gerekend en u mede zorgdraagt voor de veiligheid van onze geliefde Suriname\u201d, sprak hij ze toe.<\/strong><\/p>\n\n\n\n<blockquote class=\"wp-block-quote is-layout-flow wp-block-quote-is-layout-flow\">\n<p>In uniform vertegenwoordigt u niet alleen uzelf<\/p>\n<\/blockquote>\n\n\n\n<p class=\"has-medium-font-size\"><strong>Gedisciplineerd<\/strong><\/p>\n\n\n\n<p>Hew A Kee wees erop dat soldaten altijd het hele leger vertegenwoordigen. \u201cWanneer u in uniform loopt, vertegenwoordigt u niet alleen uzelf, maar de totale organisatie. U bent een sneeuwbal die rolt in uw omgeving en andere jeugdigen meeneemt in de discipline. Zodat wij een geoliede en gedisciplineerde samenleving hebben.\u201d<\/p>\n\n\n\n<p class=\"has-medium-font-size\"><strong>E\u00e9n missie<\/strong><\/p>\n\n\n\n<p>Kolonel Marven van Huisduinen, die waarnemend legerleider is, benadrukte de groei van de militairen. \u201cJullie kwamen hier onzeker en misschien bang. Maar jullie hebben vermoeidheid, twijfel en ongemak onder ogen gezien. Het uniform kan door individuen gedragen worden, maar het staat voor \u00e9\u00e9n collectieve kracht: \u00e9\u00e9n team en \u00e9\u00e9n missie.\u201d<\/p>","protected":false},"excerpt":{"rendered":"<p>Het Nationaal Leger heeft er 39 militairen bij. Zij sloten hun Elementaire Algemene Opleiding af in de Ayoko Kazerne. Kolonel Justus Hew A Kee noemde de nieuwe soldaten het fundament van de defensieorganisatie. \u201cDat wil zeggen dat er op jullie wordt gerekend en u mede zorgdraagt voor de veiligheid van onze geliefde Suriname\u201d, sprak hij&hellip;<\/p>","protected":false},"author":9,"featured_media":20682,"comment_status":"closed","ping_status":"open","sticky":false,"template":"","format":"standard","meta":{"limit_modified_date":"","last_modified_date":"","footnotes":""},"categories":[226],"tags":[1138,425,2822,2247,1873,424],"class_list":["post-20681","post","type-post","status-publish","format-standard","has-post-thumbnail","hentry","category-articles","tag-certificaat","tag-defensie","tag-diploma","tag-justus-hew-a-kee","tag-militairen","tag-nationaal-leger"],"_links":{"self":[{"href":"https:\/\/jeugdjournaal.sr\/nl\/wp-json\/wp\/v2\/posts\/20681","targetHints":{"allow":["GET"]}}],"collection":[{"href":"https:\/\/jeugdjournaal.sr\/nl\/wp-json\/wp\/v2\/posts"}],"about":[{"href":"https:\/\/jeugdjournaal.sr\/nl\/wp-json\/wp\/v2\/types\/post"}],"author":[{"embeddable":true,"href":"https:\/\/jeugdjournaal.sr\/nl\/wp-json\/wp\/v2\/users\/9"}],"replies":[{"embeddable":true,"href":"https:\/\/jeugdjournaal.sr\/nl\/wp-json\/wp\/v2\/comments?post=20681"}],"version-history":[{"count":5,"href":"https:\/\/jeugdjournaal.sr\/nl\/wp-json\/wp\/v2\/posts\/20681\/revisions"}],"predecessor-version":[{"id":20693,"href":"https:\/\/jeugdjournaal.sr\/nl\/wp-json\/wp\/v2\/posts\/20681\/revisions\/20693"}],"wp:featuredmedia":[{"embeddable":true,"href":"https:\/\/jeugdjournaal.sr\/nl\/wp-json\/wp\/v2\/media\/20682"}],"wp:attachment":[{"href":"https:\/\/jeugdjournaal.sr\/nl\/wp-json\/wp\/v2\/media?parent=20681"}],"wp:term":[{"taxonomy":"category","embeddable":true,"href":"https:\/\/jeugdjournaal.sr\/nl\/wp-json\/wp\/v2\/categories?post=20681"},{"taxonomy":"post_tag","embeddable":true,"href":"https:\/\/jeugdjournaal.sr\/nl\/wp-json\/wp\/v2\/tags?post=20681"}],"curies":[{"name":"wp","href":"https:\/\/api.w.org\/{rel}","templated":true}]}}