{"id":19338,"date":"2025-07-05T10:02:00","date_gmt":"2025-07-05T13:02:00","guid":{"rendered":"https:\/\/jeugdjournaal.sr\/?p=19338"},"modified":"2026-01-28T14:36:49","modified_gmt":"2026-01-28T17:36:49","slug":"chinese-minister-rusland-mag-deze-oorlog-niet-verliezen","status":"publish","type":"post","link":"https:\/\/jeugdjournaal.sr\/nl\/chinese-minister-rusland-mag-deze-oorlog-niet-verliezen\/","title":{"rendered":"Chinese minister: \u2018Rusland mag deze oorlog niet verliezen\u2019"},"content":{"rendered":"<p class=\"has-drop-cap\"><strong>In een vier uur durend gesprek met EU-buitenlandchef Kaja Kallas heeft de Chinese minister <strong>Wang Yi<\/strong><\/strong> <strong>van Buitenlandse Zaken opvallend uitgesproken taal gebruikt. Wang zei dat Rusland de oorlog in Oekra\u00efne niet mag verliezen. China is bang dat als Rusland zwakker wordt of de oorlog verliest, Amerika zich helemaal gaat richten op China \u2014 net nu er weer spanningen zijn rond Taiwan.<\/strong><\/p>\n\n\n\n<blockquote class=\"wp-block-quote is-layout-flow wp-block-quote-is-layout-flow\">\n<p>Rusland en China zoeken elkaar steeds nadrukkelijker op<\/p>\n<\/blockquote>\n\n\n\n<p>Wang zou hebben uitgelegd dat het conflict in Oekra\u00efne China onbedoeld strategisch voordeel oplevert. Zolang het Westen zijn aandacht op Europa richt, krijgt China meer ruimte om zijn plannen, bijvoorbeeld rond Taiwan, verder voor te bereiden. Die duidelijke boodschap verraste de Europese delegatie. China stelt zich meestal voorzichtig op en zegt zich officieel in te zetten voor een vreedzaam einde van de oorlog.<\/p>\n\n\n\n<p class=\"has-medium-font-size\"><strong>Grote gevolgen<\/strong><\/p>\n\n\n\n<p>Officieel ontkent China dat het Rusland militair steunt, maar volgens Oekra\u00efne levert het land w\u00e9l wapens aan Moskou.  Intussen komt ook uit Amerika het signaal dat de steun aan Oekra\u00efne afneemt. Rusland en China zoeken elkaar ondertussen steeds nadrukkelijker op. Poetin bezoekt in september Xi Jinping in China. Wat daar besproken wordt, kan grote gevolgen hebben voor de machtsverhoudingen in de wereld.<\/p>","protected":false},"excerpt":{"rendered":"<p>In een vier uur durend gesprek met EU-buitenlandchef Kaja Kallas heeft de Chinese minister Wang Yi van Buitenlandse Zaken opvallend uitgesproken taal gebruikt. Wang zei dat Rusland de oorlog in Oekra\u00efne niet mag verliezen. China is bang dat als Rusland zwakker wordt of de oorlog verliest, Amerika zich helemaal gaat richten op China \u2014 net&hellip;<\/p>","protected":false},"author":9,"featured_media":19340,"comment_status":"closed","ping_status":"closed","sticky":false,"template":"","format":"standard","meta":{"limit_modified_date":"","last_modified_date":"","footnotes":""},"categories":[226],"tags":[365,364,1168,407,404,494,2119],"class_list":["post-19338","post","type-post","status-publish","format-standard","has-post-thumbnail","hentry","category-articles","tag-amerikas","tag-china","tag-geopolitiek","tag-oekraine","tag-rusland","tag-vs","tag-wang-yi"],"_links":{"self":[{"href":"https:\/\/jeugdjournaal.sr\/nl\/wp-json\/wp\/v2\/posts\/19338","targetHints":{"allow":["GET"]}}],"collection":[{"href":"https:\/\/jeugdjournaal.sr\/nl\/wp-json\/wp\/v2\/posts"}],"about":[{"href":"https:\/\/jeugdjournaal.sr\/nl\/wp-json\/wp\/v2\/types\/post"}],"author":[{"embeddable":true,"href":"https:\/\/jeugdjournaal.sr\/nl\/wp-json\/wp\/v2\/users\/9"}],"replies":[{"embeddable":true,"href":"https:\/\/jeugdjournaal.sr\/nl\/wp-json\/wp\/v2\/comments?post=19338"}],"version-history":[{"count":3,"href":"https:\/\/jeugdjournaal.sr\/nl\/wp-json\/wp\/v2\/posts\/19338\/revisions"}],"predecessor-version":[{"id":19352,"href":"https:\/\/jeugdjournaal.sr\/nl\/wp-json\/wp\/v2\/posts\/19338\/revisions\/19352"}],"wp:featuredmedia":[{"embeddable":true,"href":"https:\/\/jeugdjournaal.sr\/nl\/wp-json\/wp\/v2\/media\/19340"}],"wp:attachment":[{"href":"https:\/\/jeugdjournaal.sr\/nl\/wp-json\/wp\/v2\/media?parent=19338"}],"wp:term":[{"taxonomy":"category","embeddable":true,"href":"https:\/\/jeugdjournaal.sr\/nl\/wp-json\/wp\/v2\/categories?post=19338"},{"taxonomy":"post_tag","embeddable":true,"href":"https:\/\/jeugdjournaal.sr\/nl\/wp-json\/wp\/v2\/tags?post=19338"}],"curies":[{"name":"wp","href":"https:\/\/api.w.org\/{rel}","templated":true}]}}