{"id":19277,"date":"2025-07-02T17:40:20","date_gmt":"2025-07-02T20:40:20","guid":{"rendered":"https:\/\/jeugdjournaal.sr\/?p=19277"},"modified":"2026-01-28T14:36:49","modified_gmt":"2026-01-28T17:36:49","slug":"coalitie-draagt-simons-en-rusland-voor-als-president-en-vicepresident","status":"publish","type":"post","link":"https:\/\/jeugdjournaal.sr\/nl\/coalitie-draagt-simons-en-rusland-voor-als-president-en-vicepresident\/","title":{"rendered":"Coalitie draagt Simons en Rusland voor als president en vicepresident"},"content":{"rendered":"<p class=\"has-drop-cap\"><strong>Jennifer Simons en Gregory Rusland zijn officieel voorgedragen als kandidaten voor respectievelijk het presidentschap en vicepresidentschap van Suriname. Alle 34 leden van beoogde coalitie ondersteunen de voordracht. De verkiezing vindt plaats op zondag tijdens een buitengewone openbare vergadering van De Nationale Assemblee, het parlement.<\/strong><\/p>\n\n\n\n<blockquote class=\"wp-block-quote is-layout-flow wp-block-quote-is-layout-flow\">\n<p>Parlementari\u00ebrs kunnen tot donderdag andere voordrachten indienen<\/p>\n<\/blockquote>\n\n\n\n<p>Het voorstel werd woensdag ingediend door Rabindre Parmessar van de NDP en medeondertekend door partijgenoten Jennifer Vreedzaam, Stephen Tsang en Ebu Jones. Parlementari\u00ebrs kunnen nog tot donderdag 12.00 uur andere voordrachten indienen. Elk Assembleelid mag slechts \u00e9\u00e9n combinatie van president en vicepresident steunen.<\/p>\n\n\n\n<p class=\"has-medium-font-size\"><strong>Toch onzekerheid<\/strong><\/p>\n\n\n\n<p>Hoewel alle 34 leden van de beoogde coalitie hebben getekend voor Simons en Rusland, is er onzekerheid. ABOP-leider en vicepresident Ronnie Bunswijk ondertekende wel het regeerakkoord, maar klaagt dat zijn partij te weinig macht krijgt. De vraag is of ABOP zondag de voordracht van Simons en Rusland blijft steunen. Brunswijk zelf zei hierover: \u201cIk heb mijn doodvonnis niet getekend.\u201d<\/p>","protected":false},"excerpt":{"rendered":"<p>Jennifer Simons en Gregory Rusland zijn officieel voorgedragen als kandidaten voor respectievelijk het presidentschap en vicepresidentschap van Suriname. Alle 34 leden van beoogde coalitie ondersteunen de voordracht. De verkiezing vindt plaats op zondag tijdens een buitengewone openbare vergadering van De Nationale Assemblee, het parlement. Parlementari\u00ebrs kunnen tot donderdag andere voordrachten indienen Het voorstel werd woensdag&hellip;<\/p>","protected":false},"author":9,"featured_media":19279,"comment_status":"closed","ping_status":"closed","sticky":false,"template":"","format":"standard","meta":{"limit_modified_date":"","last_modified_date":"","footnotes":""},"categories":[226],"tags":[1808,1809,1793,452,1811,1476,1810,2041,2048],"class_list":["post-19277","post","type-post","status-publish","format-standard","has-post-thumbnail","hentry","category-articles","tag-coalitievorming","tag-gregory-rusland","tag-jennifer-geerlings-simons","tag-ndp","tag-nps","tag-politiek","tag-presidentskandidaat","tag-rabindre-parmessar","tag-vicepresidentschap"],"_links":{"self":[{"href":"https:\/\/jeugdjournaal.sr\/nl\/wp-json\/wp\/v2\/posts\/19277","targetHints":{"allow":["GET"]}}],"collection":[{"href":"https:\/\/jeugdjournaal.sr\/nl\/wp-json\/wp\/v2\/posts"}],"about":[{"href":"https:\/\/jeugdjournaal.sr\/nl\/wp-json\/wp\/v2\/types\/post"}],"author":[{"embeddable":true,"href":"https:\/\/jeugdjournaal.sr\/nl\/wp-json\/wp\/v2\/users\/9"}],"replies":[{"embeddable":true,"href":"https:\/\/jeugdjournaal.sr\/nl\/wp-json\/wp\/v2\/comments?post=19277"}],"version-history":[{"count":4,"href":"https:\/\/jeugdjournaal.sr\/nl\/wp-json\/wp\/v2\/posts\/19277\/revisions"}],"predecessor-version":[{"id":19283,"href":"https:\/\/jeugdjournaal.sr\/nl\/wp-json\/wp\/v2\/posts\/19277\/revisions\/19283"}],"wp:featuredmedia":[{"embeddable":true,"href":"https:\/\/jeugdjournaal.sr\/nl\/wp-json\/wp\/v2\/media\/19279"}],"wp:attachment":[{"href":"https:\/\/jeugdjournaal.sr\/nl\/wp-json\/wp\/v2\/media?parent=19277"}],"wp:term":[{"taxonomy":"category","embeddable":true,"href":"https:\/\/jeugdjournaal.sr\/nl\/wp-json\/wp\/v2\/categories?post=19277"},{"taxonomy":"post_tag","embeddable":true,"href":"https:\/\/jeugdjournaal.sr\/nl\/wp-json\/wp\/v2\/tags?post=19277"}],"curies":[{"name":"wp","href":"https:\/\/api.w.org\/{rel}","templated":true}]}}