{"id":18930,"date":"2025-06-13T15:29:05","date_gmt":"2025-06-13T18:29:05","guid":{"rendered":"https:\/\/jeugdjournaal.sr\/?p=18930"},"modified":"2026-01-28T14:37:07","modified_gmt":"2026-01-28T17:37:07","slug":"tussen-israel-en-iran-klinkt-steeds-minder-diplomatie-en-steeds-meer-explosie","status":"publish","type":"post","link":"https:\/\/jeugdjournaal.sr\/nl\/tussen-israel-en-iran-klinkt-steeds-minder-diplomatie-en-steeds-meer-explosie\/","title":{"rendered":"Tussen Isra\u00ebl en Iran: steeds minder diplomatie, steeds meer explosie"},"content":{"rendered":"<p class=\"has-drop-cap\"><strong>De spanning tussen Isra\u00ebl en Iran loopt verder op. Isra\u00ebl vuurde raketten af op doelen in Iran. Volgens het Isra\u00eblische leger waren dat plekken waar gevaarlijke wapens worden ontwikkeld. Misschien zelfs kernwapens. President Netanyahu noemde de aanval \u201cabsoluut noodzakelijk\u201d om zijn land te beschermen.<\/strong><\/p>\n\n\n\n<blockquote class=\"wp-block-quote is-layout-flow wp-block-quote-is-layout-flow\">\n<p>Aanval kwam na grote drone-aanval van Iran op Isra\u00ebl<\/p>\n<\/blockquote>\n\n\n\n<p><strong>Legerofficieren omgekomen <\/strong><\/p>\n\n\n\n<p>Op video\u2019s zijn explosies te zien bij militaire gebouwen en laboratoria. Iran zegt dat meerdere hoge legerofficieren zijn omgekomen. Ook zouden minstens zes kernwapenexperts zijn overleden. Deze aanval kwam na een grote drone-aanval van Iran op Isra\u00ebl. Daar gebruikte Iran meer dan honderd onbemande vliegtuigen.<\/p>\n\n\n\n<p><strong>Grotere oorlog<\/strong><\/p>\n\n\n\n<p>De spanningen tussen Isra\u00ebl en Iran zijn al jaren hoog. Vooral omdat Iran wordt beschuldigd van het maken van kernwapens. Isra\u00ebl wil niet wachten tot die wapens klaar zijn. Daarom kiest het land nu voor een aanval als verdediging. Premier Netanyahu zei: \u201cWe gaan door tot het gevaar is verdwenen.\u201d Iran dreigt met harde wraak. De Verenigde Naties roepen op tot rust.<\/p>","protected":false},"excerpt":{"rendered":"<p>De spanning tussen Isra\u00ebl en Iran loopt verder op. Isra\u00ebl vuurde raketten af op doelen in Iran. Volgens het Isra\u00eblische leger waren dat plekken waar gevaarlijke wapens worden ontwikkeld. Misschien zelfs kernwapens. President Netanyahu noemde de aanval \u201cabsoluut noodzakelijk\u201d om zijn land te beschermen. Aanval kwam na grote drone-aanval van Iran op Isra\u00ebl Legerofficieren omgekomen&hellip;<\/p>","protected":false},"author":9,"featured_media":18934,"comment_status":"closed","ping_status":"closed","sticky":false,"template":"","format":"standard","meta":{"limit_modified_date":"","last_modified_date":"","footnotes":""},"categories":[226],"tags":[1268,1922,1921,1267,1749,352,977,688],"class_list":["post-18930","post","type-post","status-publish","format-standard","has-post-thumbnail","hentry","category-articles","tag-benjamin-netanyahu","tag-drone-aanval","tag-iran","tag-israel","tag-kernwapens","tag-midden-oosten","tag-oorlog","tag-vn"],"_links":{"self":[{"href":"https:\/\/jeugdjournaal.sr\/nl\/wp-json\/wp\/v2\/posts\/18930","targetHints":{"allow":["GET"]}}],"collection":[{"href":"https:\/\/jeugdjournaal.sr\/nl\/wp-json\/wp\/v2\/posts"}],"about":[{"href":"https:\/\/jeugdjournaal.sr\/nl\/wp-json\/wp\/v2\/types\/post"}],"author":[{"embeddable":true,"href":"https:\/\/jeugdjournaal.sr\/nl\/wp-json\/wp\/v2\/users\/9"}],"replies":[{"embeddable":true,"href":"https:\/\/jeugdjournaal.sr\/nl\/wp-json\/wp\/v2\/comments?post=18930"}],"version-history":[{"count":5,"href":"https:\/\/jeugdjournaal.sr\/nl\/wp-json\/wp\/v2\/posts\/18930\/revisions"}],"predecessor-version":[{"id":20709,"href":"https:\/\/jeugdjournaal.sr\/nl\/wp-json\/wp\/v2\/posts\/18930\/revisions\/20709"}],"wp:featuredmedia":[{"embeddable":true,"href":"https:\/\/jeugdjournaal.sr\/nl\/wp-json\/wp\/v2\/media\/18934"}],"wp:attachment":[{"href":"https:\/\/jeugdjournaal.sr\/nl\/wp-json\/wp\/v2\/media?parent=18930"}],"wp:term":[{"taxonomy":"category","embeddable":true,"href":"https:\/\/jeugdjournaal.sr\/nl\/wp-json\/wp\/v2\/categories?post=18930"},{"taxonomy":"post_tag","embeddable":true,"href":"https:\/\/jeugdjournaal.sr\/nl\/wp-json\/wp\/v2\/tags?post=18930"}],"curies":[{"name":"wp","href":"https:\/\/api.w.org\/{rel}","templated":true}]}}