{"id":18516,"date":"2025-05-10T08:58:48","date_gmt":"2025-05-10T11:58:48","guid":{"rendered":"https:\/\/jeugdjournaal.sr\/?p=18516"},"modified":"2026-01-28T14:37:08","modified_gmt":"2026-01-28T17:37:08","slug":"quorumgebrek-voor-kelvin-koniki","status":"publish","type":"post","link":"https:\/\/jeugdjournaal.sr\/nl\/quorumgebrek-voor-kelvin-koniki\/","title":{"rendered":"Quorumgebrek voor Kelvin Koniki"},"content":{"rendered":"<p class=\"has-drop-cap\"><strong>Kelvin Koniki van de ABOP zou 8 mei worden toegelaten als nieuw lid van De Nationale Assemblee. Maar er kwamen niet genoeg parlementsleden opdagen om de vergadering door te laten gaan. De kans is klein dat het nog lukt v\u00f3\u00f3r de verkiezingen. Wij van het Jeugdjournaal vroegen de voormalige jeugdparlementari\u00ebr hoe hij zich daarbij voelt.<\/strong><\/p>\n\n\n\n<figure class=\"wp-block-embed is-type-video is-provider-youtube wp-block-embed-youtube wp-embed-aspect-16-9 wp-has-aspect-ratio\"><div class=\"wp-block-embed__wrapper\">\n<iframe title=\"10 Minuten Jeugd Journaal - Quorumgebrek Koniki\" width=\"1290\" height=\"726\" data-trx-lazyload-src=\"https:\/\/www.youtube.com\/embed\/LBqLWnSd2l4?feature=oembed\" frameborder=\"0\" allow=\"accelerometer; autoplay; clipboard-write; encrypted-media; gyroscope; picture-in-picture; web-share\" referrerpolicy=\"strict-origin-when-cross-origin\" allowfullscreen><\/iframe>\n<\/div><\/figure>","protected":false},"excerpt":{"rendered":"<p>Kelvin Koniki van de ABOP zou 8 mei worden toegelaten als nieuw lid van De Nationale Assemblee. Maar er kwamen niet genoeg parlementsleden opdagen om de vergadering door te laten gaan. De kans is klein dat het nog lukt v\u00f3\u00f3r de verkiezingen. Wij van het Jeugdjournaal vroegen de voormalige jeugdparlementari\u00ebr hoe hij zich daarbij voelt.<\/p>","protected":false},"author":9,"featured_media":18517,"comment_status":"closed","ping_status":"closed","sticky":false,"template":"","format":"standard","meta":{"limit_modified_date":"","last_modified_date":"","footnotes":""},"categories":[225],"tags":[1477,1470,419,1722,1726,1476],"class_list":["post-18516","post","type-post","status-publish","format-standard","has-post-thumbnail","hentry","category-videos","tag-abop","tag-dna","tag-jongeren","tag-kelvin-koniki","tag-parlement","tag-politiek"],"_links":{"self":[{"href":"https:\/\/jeugdjournaal.sr\/nl\/wp-json\/wp\/v2\/posts\/18516","targetHints":{"allow":["GET"]}}],"collection":[{"href":"https:\/\/jeugdjournaal.sr\/nl\/wp-json\/wp\/v2\/posts"}],"about":[{"href":"https:\/\/jeugdjournaal.sr\/nl\/wp-json\/wp\/v2\/types\/post"}],"author":[{"embeddable":true,"href":"https:\/\/jeugdjournaal.sr\/nl\/wp-json\/wp\/v2\/users\/9"}],"replies":[{"embeddable":true,"href":"https:\/\/jeugdjournaal.sr\/nl\/wp-json\/wp\/v2\/comments?post=18516"}],"version-history":[{"count":1,"href":"https:\/\/jeugdjournaal.sr\/nl\/wp-json\/wp\/v2\/posts\/18516\/revisions"}],"predecessor-version":[{"id":18518,"href":"https:\/\/jeugdjournaal.sr\/nl\/wp-json\/wp\/v2\/posts\/18516\/revisions\/18518"}],"wp:featuredmedia":[{"embeddable":true,"href":"https:\/\/jeugdjournaal.sr\/nl\/wp-json\/wp\/v2\/media\/18517"}],"wp:attachment":[{"href":"https:\/\/jeugdjournaal.sr\/nl\/wp-json\/wp\/v2\/media?parent=18516"}],"wp:term":[{"taxonomy":"category","embeddable":true,"href":"https:\/\/jeugdjournaal.sr\/nl\/wp-json\/wp\/v2\/categories?post=18516"},{"taxonomy":"post_tag","embeddable":true,"href":"https:\/\/jeugdjournaal.sr\/nl\/wp-json\/wp\/v2\/tags?post=18516"}],"curies":[{"name":"wp","href":"https:\/\/api.w.org\/{rel}","templated":true}]}}