{"id":17818,"date":"2025-03-27T11:30:13","date_gmt":"2025-03-27T14:30:13","guid":{"rendered":"https:\/\/jeugdjournaal.sr\/?p=17818"},"modified":"2026-01-28T14:38:48","modified_gmt":"2026-01-28T17:38:48","slug":"grote-protesten-in-turkije-israel-en-servie","status":"publish","type":"post","link":"https:\/\/jeugdjournaal.sr\/nl\/grote-protesten-in-turkije-israel-en-servie\/","title":{"rendered":"Grote protesten in Turkije, Isra\u00ebl en Servi\u00eb"},"content":{"rendered":"<p class=\"has-drop-cap\"><strong>In Turkije zijn afgelopen week honderdduizenden mensen de straat op gegaan nadat de burgemeester van Istanbul, Ekrem Imamoglu, werd opgepakt. Hij was net gekozen als presidentskandidaat voor de verkiezingen van 2028. Veel Turken denken dat president Erdogan zo een sterke tegenstander wil uitschakelen.<\/strong><\/p>\n\n\n\n<blockquote class=\"wp-block-quote is-layout-flow wp-block-quote-is-layout-flow\">\n<p>Veel mensen vinden dat Netanyahu te veel macht naar zich toetrekt <\/p>\n<\/blockquote>\n\n\n\n<p>Ondanks een verbod op demonstraties blijven mensen protesteren in steden als Istanbul en Ankara. Tot nu toe zijn meer dan 1.400 mensen opgepakt, onder wie studenten, journalisten en advocaten.<\/p>\n\n\n\n<p><strong>Isra\u00ebl<\/strong><\/p>\n\n\n\n<p>Ook in Isra\u00ebl is er veel woede over premier Netanyahu. Hij ontsloeg functionarissen die hem onderzochten voor corruptie, wat tot felle demonstraties leidde. Daarnaast is er onrust over nieuwe aanvallen op Gaza, waarmee een eerder gesloten wapenstilstand is gebroken. Veel mensen vinden dat Netanyahu te veel macht naar zich toetrekt en eisen verandering.<\/p>\n\n\n\n<p><strong>Servi\u00eb<\/strong><\/p>\n\n\n\n<p>In Servi\u00eb begonnen de protesten na een dodelijk treinongeluk, maar inmiddels zijn tienduizenden burgers, leraren en boeren aangesloten. Ze zijn boos op de regering en willen eerlijke politiek. Hoewel president Vucic enkele eisen heeft ingewilligd, blijven mensen demonstreren. Net als in Turkije en Isra\u00ebl gaat het om meer dan \u00e9\u00e9n gebeurtenis: de protesten draaien om de toekomst van het land.<\/p>\n\n\n\n<p><\/p>","protected":false},"excerpt":{"rendered":"<p>In Turkije zijn afgelopen week honderdduizenden mensen de straat op gegaan nadat de burgemeester van Istanbul, Ekrem Imamoglu, werd opgepakt. Hij was net gekozen als presidentskandidaat voor de verkiezingen van 2028. Veel Turken denken dat president Erdogan zo een sterke tegenstander wil uitschakelen. Veel mensen vinden dat Netanyahu te veel macht naar zich toetrekt Ondanks&hellip;<\/p>","protected":false},"author":9,"featured_media":17821,"comment_status":"closed","ping_status":"closed","sticky":false,"template":"","format":"standard","meta":{"limit_modified_date":"","last_modified_date":"","footnotes":""},"categories":[226],"tags":[442,794,1267,352,966,1076,1330],"class_list":["post-17818","post","type-post","status-publish","format-standard","has-post-thumbnail","hentry","category-articles","tag-demonstraties","tag-europa","tag-israel","tag-midden-oosten","tag-protest","tag-servie","tag-turkije"],"_links":{"self":[{"href":"https:\/\/jeugdjournaal.sr\/nl\/wp-json\/wp\/v2\/posts\/17818","targetHints":{"allow":["GET"]}}],"collection":[{"href":"https:\/\/jeugdjournaal.sr\/nl\/wp-json\/wp\/v2\/posts"}],"about":[{"href":"https:\/\/jeugdjournaal.sr\/nl\/wp-json\/wp\/v2\/types\/post"}],"author":[{"embeddable":true,"href":"https:\/\/jeugdjournaal.sr\/nl\/wp-json\/wp\/v2\/users\/9"}],"replies":[{"embeddable":true,"href":"https:\/\/jeugdjournaal.sr\/nl\/wp-json\/wp\/v2\/comments?post=17818"}],"version-history":[{"count":4,"href":"https:\/\/jeugdjournaal.sr\/nl\/wp-json\/wp\/v2\/posts\/17818\/revisions"}],"predecessor-version":[{"id":17853,"href":"https:\/\/jeugdjournaal.sr\/nl\/wp-json\/wp\/v2\/posts\/17818\/revisions\/17853"}],"wp:featuredmedia":[{"embeddable":true,"href":"https:\/\/jeugdjournaal.sr\/nl\/wp-json\/wp\/v2\/media\/17821"}],"wp:attachment":[{"href":"https:\/\/jeugdjournaal.sr\/nl\/wp-json\/wp\/v2\/media?parent=17818"}],"wp:term":[{"taxonomy":"category","embeddable":true,"href":"https:\/\/jeugdjournaal.sr\/nl\/wp-json\/wp\/v2\/categories?post=17818"},{"taxonomy":"post_tag","embeddable":true,"href":"https:\/\/jeugdjournaal.sr\/nl\/wp-json\/wp\/v2\/tags?post=17818"}],"curies":[{"name":"wp","href":"https:\/\/api.w.org\/{rel}","templated":true}]}}