{"id":17721,"date":"2025-03-19T16:19:31","date_gmt":"2025-03-19T19:19:31","guid":{"rendered":"https:\/\/jeugdjournaal.sr\/?p=17721"},"modified":"2026-01-28T14:38:49","modified_gmt":"2026-01-28T17:38:49","slug":"protesten-in-israel-na-herstart-van-de-oorlog-in-gaza","status":"publish","type":"post","link":"https:\/\/jeugdjournaal.sr\/nl\/protesten-in-israel-na-herstart-van-de-oorlog-in-gaza\/","title":{"rendered":"Protesten in Isra\u00ebl na herstart van de oorlog in Gaza"},"content":{"rendered":"<p class=\"has-drop-cap\"><strong>Duizenden mensen gingen de straat op in Jeruzalem om te protesteren tegen premier Benjamin Netanyahu. Ze waren boos omdat hij de oorlog in Gaza opnieuw had begonnen, vlak na een twee maanden durende wapenstilstand. De hernieuwde bombardementen hebben al meer dan 400 doden in Gaza veroorzaakt, wat de woede onder de Isra\u00ebli\u00ebrs verder aanwakkerde.<\/strong><\/p>\n\n\n\n<blockquote class=\"wp-block-quote is-layout-flow wp-block-quote-is-layout-flow\">\n<p>Veel Isra\u00ebli\u00ebrs denken dat hun land in gevaar wordt gebracht door de politieke belangen van de premier<\/p>\n<\/blockquote>\n\n\n\n<p>De demonstranten beschuldigden Netanyahu ervan meer bezig te zijn met zijn eigen macht dan met de veiligheid van het land of het leven van de Isra\u00eblische gijzelaars en Palestijnen in Gaza. Elias Shraga van de beweging &#8216;Movement for Quality Government&#8217; denkt dat Netanyahu de oorlog herstartte om zijn rechtszaak uit te stellen.<\/p>\n\n\n\n<p>Netanyahu had dinsdag voor de rechter moeten komen, maar door de militaire acties werd zijn rechtszaak uitgesteld. Veel Isra\u00ebli\u00ebrs denken dat hun land in gevaar wordt gebracht door de politieke belangen van de premier. Het land is verdeeld, maar sommigen blijven de premier steunen, omdat ze geloven dat Isra\u00ebl alleen sterk kan blijven als het \u00e9\u00e9n blijft.<\/p>","protected":false},"excerpt":{"rendered":"<p>Duizenden mensen gingen de straat op in Jeruzalem om te protesteren tegen premier Benjamin Netanyahu. Ze waren boos omdat hij de oorlog in Gaza opnieuw had begonnen, vlak na een twee maanden durende wapenstilstand. De hernieuwde bombardementen hebben al meer dan 400 doden in Gaza veroorzaakt, wat de woede onder de Isra\u00ebli\u00ebrs verder aanwakkerde. Veel&hellip;<\/p>","protected":false},"author":9,"featured_media":17722,"comment_status":"closed","ping_status":"closed","sticky":false,"template":"","format":"standard","meta":{"limit_modified_date":"","last_modified_date":"","footnotes":""},"categories":[226],"tags":[1268,1057,1267,352,977],"class_list":["post-17721","post","type-post","status-publish","format-standard","has-post-thumbnail","hentry","category-articles","tag-benjamin-netanyahu","tag-gaza","tag-israel","tag-midden-oosten","tag-oorlog"],"_links":{"self":[{"href":"https:\/\/jeugdjournaal.sr\/nl\/wp-json\/wp\/v2\/posts\/17721","targetHints":{"allow":["GET"]}}],"collection":[{"href":"https:\/\/jeugdjournaal.sr\/nl\/wp-json\/wp\/v2\/posts"}],"about":[{"href":"https:\/\/jeugdjournaal.sr\/nl\/wp-json\/wp\/v2\/types\/post"}],"author":[{"embeddable":true,"href":"https:\/\/jeugdjournaal.sr\/nl\/wp-json\/wp\/v2\/users\/9"}],"replies":[{"embeddable":true,"href":"https:\/\/jeugdjournaal.sr\/nl\/wp-json\/wp\/v2\/comments?post=17721"}],"version-history":[{"count":3,"href":"https:\/\/jeugdjournaal.sr\/nl\/wp-json\/wp\/v2\/posts\/17721\/revisions"}],"predecessor-version":[{"id":17725,"href":"https:\/\/jeugdjournaal.sr\/nl\/wp-json\/wp\/v2\/posts\/17721\/revisions\/17725"}],"wp:featuredmedia":[{"embeddable":true,"href":"https:\/\/jeugdjournaal.sr\/nl\/wp-json\/wp\/v2\/media\/17722"}],"wp:attachment":[{"href":"https:\/\/jeugdjournaal.sr\/nl\/wp-json\/wp\/v2\/media?parent=17721"}],"wp:term":[{"taxonomy":"category","embeddable":true,"href":"https:\/\/jeugdjournaal.sr\/nl\/wp-json\/wp\/v2\/categories?post=17721"},{"taxonomy":"post_tag","embeddable":true,"href":"https:\/\/jeugdjournaal.sr\/nl\/wp-json\/wp\/v2\/tags?post=17721"}],"curies":[{"name":"wp","href":"https:\/\/api.w.org\/{rel}","templated":true}]}}