{"id":17500,"date":"2025-03-10T16:17:47","date_gmt":"2025-03-10T19:17:47","guid":{"rendered":"https:\/\/jeugdjournaal.sr\/?p=17500"},"modified":"2026-01-28T14:38:49","modified_gmt":"2026-01-28T17:38:49","slug":"ramdin-gekozen-tot-oas-secretaris-generaal-eerste-surinamer-in-deze-functie","status":"publish","type":"post","link":"https:\/\/jeugdjournaal.sr\/nl\/ramdin-gekozen-tot-oas-secretaris-generaal-eerste-surinamer-in-deze-functie\/","title":{"rendered":"Ramdin gekozen tot OAS-secretaris-generaal, eerste Surinamer in deze functie"},"content":{"rendered":"<p class=\"has-drop-cap\"><strong>Albert Ramdin, minister van Buitenlandse Zaken, is met algemene instemming gekozen tot secretaris-generaal van de Organisatie van Amerikaanse Staten (OAS). Zijn benoeming werd bevestigd tijdens de 56e Algemene Vergadering van de OAS. Het is een historische mijlpaal: nooit eerder bekleedde een Surinamer deze functie.<\/strong><\/p>\n\n\n\n<p>Ramdin kreeg algehele steun van de lidstaten, mede dankzij zijn uitgebreide ervaring in de internationale diplomatie en zijn eerdere rol als assistent-secretaris-generaal van de OAS. Paraguay trok eerder de kandidatuur van minister Rub\u00e9n Ram\u00edrez Lezcano in, waarna landen als Brazili\u00eb, Colombia en Chili zich achter Ramdin schaarden. Hij kreeg 19 stemmen, ruim boven de benodigde 17.<\/p>\n\n\n\n<p>Van 2025 tot 2030 zal Ramdin leiding geven aan de OAS, een organisatie die zich richt op democratie, mensenrechten en ontwikkeling in het westelijk halfrond. Hij volgt de Paraguayaan Luis Almagro op<\/p>","protected":false},"excerpt":{"rendered":"<p>Albert Ramdin, minister van Buitenlandse Zaken, is met algemene instemming gekozen tot secretaris-generaal van de Organisatie van Amerikaanse Staten (OAS). Zijn benoeming werd bevestigd tijdens de 56e Algemene Vergadering van de OAS. Het is een historische mijlpaal: nooit eerder bekleedde een Surinamer deze functie. Ramdin kreeg algehele steun van de lidstaten, mede dankzij zijn uitgebreide&hellip;<\/p>","protected":false},"author":9,"featured_media":17501,"comment_status":"closed","ping_status":"closed","sticky":false,"template":"","format":"standard","meta":{"limit_modified_date":"","last_modified_date":"","footnotes":""},"categories":[288],"tags":[1114,365,1143,686,1035,1122],"class_list":["post-17500","post","type-post","status-publish","format-standard","has-post-thumbnail","hentry","category-artikelen-nl","tag-albert-ramdin","tag-amerikas","tag-caribisch-gebied","tag-latijns-amerika","tag-oas","tag-topfunctie"],"_links":{"self":[{"href":"https:\/\/jeugdjournaal.sr\/nl\/wp-json\/wp\/v2\/posts\/17500","targetHints":{"allow":["GET"]}}],"collection":[{"href":"https:\/\/jeugdjournaal.sr\/nl\/wp-json\/wp\/v2\/posts"}],"about":[{"href":"https:\/\/jeugdjournaal.sr\/nl\/wp-json\/wp\/v2\/types\/post"}],"author":[{"embeddable":true,"href":"https:\/\/jeugdjournaal.sr\/nl\/wp-json\/wp\/v2\/users\/9"}],"replies":[{"embeddable":true,"href":"https:\/\/jeugdjournaal.sr\/nl\/wp-json\/wp\/v2\/comments?post=17500"}],"version-history":[{"count":2,"href":"https:\/\/jeugdjournaal.sr\/nl\/wp-json\/wp\/v2\/posts\/17500\/revisions"}],"predecessor-version":[{"id":17527,"href":"https:\/\/jeugdjournaal.sr\/nl\/wp-json\/wp\/v2\/posts\/17500\/revisions\/17527"}],"wp:featuredmedia":[{"embeddable":true,"href":"https:\/\/jeugdjournaal.sr\/nl\/wp-json\/wp\/v2\/media\/17501"}],"wp:attachment":[{"href":"https:\/\/jeugdjournaal.sr\/nl\/wp-json\/wp\/v2\/media?parent=17500"}],"wp:term":[{"taxonomy":"category","embeddable":true,"href":"https:\/\/jeugdjournaal.sr\/nl\/wp-json\/wp\/v2\/categories?post=17500"},{"taxonomy":"post_tag","embeddable":true,"href":"https:\/\/jeugdjournaal.sr\/nl\/wp-json\/wp\/v2\/tags?post=17500"}],"curies":[{"name":"wp","href":"https:\/\/api.w.org\/{rel}","templated":true}]}}