{"id":15703,"date":"2024-11-27T12:54:08","date_gmt":"2024-11-27T15:54:08","guid":{"rendered":"https:\/\/jeugdjournaal.sr\/?p=15703"},"modified":"2026-01-28T14:39:05","modified_gmt":"2026-01-28T17:39:05","slug":"staakt-het-vuren-tussen-israel-en-hezbollah","status":"publish","type":"post","link":"https:\/\/jeugdjournaal.sr\/nl\/staakt-het-vuren-tussen-israel-en-hezbollah\/","title":{"rendered":"Staakt-het-vuren tussen Isra\u00ebl en Hezbollah"},"content":{"rendered":"<p class=\"has-drop-cap\">Er is een pauze in de gevechten tussen Isra\u00ebl en de gewapende groep Hezbollah. Dat heet een staakt-het-vuren. Er is feest en opluchting bij de Libanezen maar verdeeldheid bij de Isra\u00ebli\u00ebrs. Toch hebben zowel Libanezen als Isra\u00ebli\u00ebrs het gevoel &#8216;eerst zien, dan geloven&#8217;.<\/p>\n\n\n\n<p>Voor tienduizenden Isra\u00ebli\u00ebrs die gevlucht zijn uit het grensgebied, is er geen reden om vandaag al terug te keren. In Isra\u00eblische media spreken zij hun twijfels uit of Hezbollah zich wel aan de afspraken zal houden.<\/p>\n\n\n\n<blockquote class=\"wp-block-quote is-layout-flow wp-block-quote-is-layout-flow\">\n<p>Isra\u00ebl behoudt zich het recht voor om in te grijpen als Hezbollah iets verkeerd doet. Het kan dus heel makkelijk weer uit de hand lopen<\/p>\n<\/blockquote>\n\n\n\n<p>&#8220;Er is een internationale commissie ingesteld die moet toezien op dit akkoord. Hoe dat toezicht gaat uitpakken, weet niemand\u201d, zegt een expert. \u201cIsra\u00ebl behoudt zich het recht voor om in te grijpen als Hezbollah iets verkeerd doet. Het kan dus heel makkelijk weer uit de hand lopen.\u201d<\/p>\n\n\n\n<p>Ook zijn er mensen die tegen het bestand zijn. Zij vinden dat Isra\u00ebl een kans laat liggen om Hezbollah definitief te verslaan, omdat deze groep verzwakt is. Nu krijgt Hezbollah de kans om weer aan te sterken.<\/p>","protected":false},"excerpt":{"rendered":"<p>Er is een pauze in de gevechten tussen Isra\u00ebl en de gewapende groep Hezbollah. Dat heet een staakt-het-vuren. Er is feest en opluchting bij de Libanezen maar verdeeldheid bij de Isra\u00ebli\u00ebrs. Toch hebben zowel Libanezen als Isra\u00ebli\u00ebrs het gevoel &#8216;eerst zien, dan geloven&#8217;. Voor tienduizenden Isra\u00ebli\u00ebrs die gevlucht zijn uit het grensgebied, is er geen&hellip;<\/p>","protected":false},"author":9,"featured_media":15704,"comment_status":"closed","ping_status":"closed","sticky":false,"template":"","format":"standard","meta":{"limit_modified_date":"","last_modified_date":"","footnotes":""},"categories":[226],"tags":[],"class_list":["post-15703","post","type-post","status-publish","format-standard","has-post-thumbnail","hentry","category-articles"],"_links":{"self":[{"href":"https:\/\/jeugdjournaal.sr\/nl\/wp-json\/wp\/v2\/posts\/15703","targetHints":{"allow":["GET"]}}],"collection":[{"href":"https:\/\/jeugdjournaal.sr\/nl\/wp-json\/wp\/v2\/posts"}],"about":[{"href":"https:\/\/jeugdjournaal.sr\/nl\/wp-json\/wp\/v2\/types\/post"}],"author":[{"embeddable":true,"href":"https:\/\/jeugdjournaal.sr\/nl\/wp-json\/wp\/v2\/users\/9"}],"replies":[{"embeddable":true,"href":"https:\/\/jeugdjournaal.sr\/nl\/wp-json\/wp\/v2\/comments?post=15703"}],"version-history":[{"count":3,"href":"https:\/\/jeugdjournaal.sr\/nl\/wp-json\/wp\/v2\/posts\/15703\/revisions"}],"predecessor-version":[{"id":15708,"href":"https:\/\/jeugdjournaal.sr\/nl\/wp-json\/wp\/v2\/posts\/15703\/revisions\/15708"}],"wp:featuredmedia":[{"embeddable":true,"href":"https:\/\/jeugdjournaal.sr\/nl\/wp-json\/wp\/v2\/media\/15704"}],"wp:attachment":[{"href":"https:\/\/jeugdjournaal.sr\/nl\/wp-json\/wp\/v2\/media?parent=15703"}],"wp:term":[{"taxonomy":"category","embeddable":true,"href":"https:\/\/jeugdjournaal.sr\/nl\/wp-json\/wp\/v2\/categories?post=15703"},{"taxonomy":"post_tag","embeddable":true,"href":"https:\/\/jeugdjournaal.sr\/nl\/wp-json\/wp\/v2\/tags?post=15703"}],"curies":[{"name":"wp","href":"https:\/\/api.w.org\/{rel}","templated":true}]}}